{"id":1702,"date":"2022-06-15T10:26:28","date_gmt":"2022-06-15T09:26:28","guid":{"rendered":"http:\/\/jenacopterlabs.de\/?p=1702"},"modified":"2022-07-05T10:24:35","modified_gmt":"2022-07-05T09:24:35","slug":"stellenausschreibung-in-urbaner-fernerkundung","status":"publish","type":"post","link":"https:\/\/jenacopterlabs.de\/?p=1702","title":{"rendered":"UPDATE: Stellenausschreibung in urbaner Fernerkundung! -> 20.8. verl\u00e4ngert!"},"content":{"rendered":"\n<h1 class=\"wp-block-heading\">Wissenschaftliche:r Mitarbeiter:in in urbaner Fernerkundung<\/h1>\n\n\n\n<p>In Vollzeit (100% \/ 40 Wochenstunden) befristet f\u00fcr 21 Monate zu besetzen.<\/p>\n\n\n\n<p>Das EU Projekt environMENTAL erforscht den Einfluss von Umweltfaktoren und psychosozialen Stress durch die COVID-19 Pandemie auf die Entwicklung des menschlichen Gehirns und deren Gesundheit.&nbsp;<a href=\"https:\/\/www.environmental-project.org\/\">https:\/\/www.environmental-project.org<\/a>. Hierf\u00fcr werden Patientendaten aus medizinischen Datenbanken \u00fcber pr\u00e4zise Geolokalisierung mit Satellitendaten und abgeleiteten Satellitendatenprodukten auf r\u00e4umliche Korrelationen hin untersucht. Der\/die KandidatIn soll hierf\u00fcr einen Datensatz basierend auf multispektralen Fernerkundungsdaten, abgeleiteten Produkten zur Versieglung und Urbanisierung und zur Bebauungsh\u00f6he bzw. Bebauungsintensit\u00e4t f\u00fcr verschiedene europ\u00e4ische urbane Regionen entwickeln. Der Beitrag ist Teil der Arbeit in einem interdisziplin\u00e4ren und internationalen Wissenschaftler-Team unter Leitung der Charit\u00e9 Berlin.<br>\u201eWe aim to reduce the impact on citizens and patients of major environmental challenges that change society in Europe and globally, including urbanicity, climate\/pollution and psychosocial stress following the COVID-19 pandemic, by measuring their effect on brain and behaviour, identifying the underlying neurobiological and molecular causes, and developing targeted pharmaceutical and non-pharmaceutical preventions and interventions.\u201c (<a href=\"https:\/\/www.environmental-project.org\/\">https:\/\/www.environmental-project.org<\/a>)<\/p>\n\n\n\n<h2 class=\"wp-block-heading\">Ihre Aufgaben:<\/h2>\n\n\n\n<ul class=\"wp-block-list\"><li>Sie entwickeln Urbanisierungsma\u00dfe auf Basis von multispektralen Satellitendaten, H\u00f6heninformation und bereits verf\u00fcgbarer &#8220;Urban Footprint\u201c Daten und<\/li><li>entwickeln ein Geb\u00e4udeh\u00f6henmodell aus globalen H\u00f6henmodeldaten zur Erfassung der Bebauungsintensit\u00e4t in urbanen R\u00e4umen f\u00fcr einige wichtige Metropolenregionen.<\/li><li>Weitere Aufgaben sind die Kombination von Daten f\u00fcr die Ableitung eines neuen Urbanisierungsma\u00dfes basierend auf Night Time Light Datens\u00e4tzen, welches in hohem Ma\u00dfe mit Bev\u00f6lkerungsdichte korreliert,<\/li><li>die Ver\u00f6ffentlichung von Ergebnissen in internationalen Zeitschriften und im environMENTAL Projekt Team Verbund zusammen mit Ergebnissen der medizinischen Cohortenanalysen der Projektpartner und<\/li><li>die Teilnahme an internationalen EU Projektmeetings.<\/li><\/ul>\n\n\n\n<h2 class=\"wp-block-heading\">Ihr Profil:<\/h2>\n\n\n\n<ul class=\"wp-block-list\"><li>Erfolgreich abgeschlossenes wissenschaftliches Hochschulstudium mit Schwerpunkt Fernerkundung und\/oder Geoinformatik,<\/li><li>sehr gute Kenntnisse im Bereich der urbanen Fernerkundung,<\/li><li>Erfahrungen mit R\/Python,<\/li><li>gute Englischsprachkenntnisse,<\/li><li>w\u00fcnschenswert\/von Vorteil sind Google Earth Engine Kenntnisse.<\/li><\/ul>\n\n\n\n<h2 class=\"wp-block-heading\">Unser Angebot:<\/h2>\n\n\n\n<ul class=\"wp-block-list\"><li>Verg\u00fctung nach den Bestimmungen des Tarifvertrages f\u00fcr den \u00f6ffentlichen Dienst der L\u00e4nder (TV-L) entsprechend den pers\u00f6nlichen Voraussetzungen nach Entgeltgruppe 13 TV-L<\/li><li>Interdisziplin\u00e4re Forschung an der Schnittstelle der Fernerkundung\/Geoinformatik zur COVID-19 Forschung. Sie arbeiten in nationalen und internationalen Netzwerkstrukturen mit namhaften Universit\u00e4ten\/Forschungseinrichtungen<\/li><li>Interessante und abwechslungsreiche Aufgaben (auf internationalem Niveau) \/Teilnahme an internationalen Konferenzen<\/li><li>Flexible Arbeitszeiten<\/li><li>Universit\u00e4re Gesundheitsf\u00f6rderung und ein breites Hochschulsportangebot<\/li><\/ul>\n\n\n\n<p>Die ausgeschriebene Stelle ist befristet f\u00fcr die Dauer von 21 Monaten.<\/p>\n\n\n\n<p>Es handelt sich um eine Vollzeitstelle (40 Wochenstunden).<\/p>\n\n\n\n<p>Schwerbehinderte Menschen werden bei gleicher Eignung, Bef\u00e4higung und fachlicher Qualifikation bevorzugt ber\u00fccksichtigt.<\/p>\n\n\n\n<p>Haben wir Ihr Interesse geweckt? Dann senden Sie Ihre aussagekr\u00e4ftige, schriftliche Bewerbung per E-Mail (eine PDF-Datei), unter Angabe der Registrier-Nummer&nbsp;<strong>212\/2022<\/strong>&nbsp;bis zum&nbsp;<strong>30.06.2022<\/strong>&nbsp;an:<\/p>\n\n\n\n<p><strong>PD Dr. S\u00f6ren Hese<\/strong><br><strong>Lehrstuhl f\u00fcr Fernerkundung<\/strong><br><strong>Institut f\u00fcr Geographie<\/strong><br><strong>Friedrich-Schiller-Universit\u00e4t Jena<\/strong><br><strong>L\u00f6bdergraben 32<\/strong><br><strong>07743 Jena<\/strong><br><strong>E-Mail:&nbsp;<a href=\"mailto:soeren.hese@uni-jena.de\">soeren.hese@uni-jena.de<\/a><\/strong><\/p>\n\n\n\n<p><\/p>\n\n\n\n<p><\/p>\n\n\n\n<p><a href=\"https:\/\/jobs.uni-jena.de\/jobposting\/db4c24f112c4fac5297ea834b6dcea117983084a0\">https:\/\/jobs.uni-jena.de\/jobposting\/db4c24f112c4fac5297ea834b6dcea117983084a0<\/a><\/p>\n\n\n\n<figure class=\"wp-block-image size-large\"><img loading=\"lazy\" decoding=\"async\" width=\"623\" height=\"1024\" src=\"http:\/\/jenacopterlabs.de\/wp-content\/uploads\/2022\/06\/Ausschreibg-als-JPG-623x1024.jpg\" alt=\"\" class=\"wp-image-1706\"\/><\/figure>\n","protected":false},"excerpt":{"rendered":"<p>Wissenschaftliche:r Mitarbeiter:in in urbaner Fernerkundung In Vollzeit (100% \/ 40 Wochenstunden) befristet f\u00fcr 21 Monate zu besetzen. Das EU Projekt environMENTAL erforscht den Einfluss von Umweltfaktoren und psychosozialen Stress durch die COVID-19 Pandemie auf die Entwicklung des menschlichen Gehirns und deren Gesundheit.&nbsp;https:\/\/www.environmental-project.org. Hierf\u00fcr werden Patientendaten aus medizinischen Datenbanken \u00fcber pr\u00e4zise Geolokalisierung mit Satellitendaten und abgeleiteten Satellitendatenprodukten auf r\u00e4umliche Korrelationen hin&#46;&#46;&#46;<\/p>\n","protected":false},"author":1,"featured_media":1706,"comment_status":"open","ping_status":"open","sticky":false,"template":"","format":"standard","meta":{"_uag_custom_page_level_css":"","footnotes":""},"categories":[1],"tags":[],"class_list":["post-1702","post","type-post","status-publish","format-standard","has-post-thumbnail","hentry","category-uncategorized"],"uagb_featured_image_src":{"full":["https:\/\/jenacopterlabs.de\/wp-content\/uploads\/2022\/06\/Ausschreibg-als-JPG-e1655305398601.jpg",908,598,false],"thumbnail":["https:\/\/jenacopterlabs.de\/wp-content\/uploads\/2022\/06\/Ausschreibg-als-JPG-e1655305398601-150x150.jpg",150,150,true],"medium":["https:\/\/jenacopterlabs.de\/wp-content\/uploads\/2022\/06\/Ausschreibg-als-JPG-e1655305398601-300x198.jpg",300,198,true],"medium_large":["https:\/\/jenacopterlabs.de\/wp-content\/uploads\/2022\/06\/Ausschreibg-als-JPG-e1655305398601-768x506.jpg",680,448,true],"large":["https:\/\/jenacopterlabs.de\/wp-content\/uploads\/2022\/06\/Ausschreibg-als-JPG-623x1024.jpg",623,1024,true],"1536x1536":["https:\/\/jenacopterlabs.de\/wp-content\/uploads\/2022\/06\/Ausschreibg-als-JPG-e1655305398601.jpg",908,598,false],"2048x2048":["https:\/\/jenacopterlabs.de\/wp-content\/uploads\/2022\/06\/Ausschreibg-als-JPG-e1655305398601.jpg",908,598,false],"post-thumbnail":["https:\/\/jenacopterlabs.de\/wp-content\/uploads\/2022\/06\/Ausschreibg-als-JPG-e1655305398601-500x250.jpg",500,250,true],"cd-small":["https:\/\/jenacopterlabs.de\/wp-content\/uploads\/2022\/06\/Ausschreibg-als-JPG-e1655305398601-150x150.jpg",150,150,true],"cd-medium":["https:\/\/jenacopterlabs.de\/wp-content\/uploads\/2022\/06\/Ausschreibg-als-JPG-e1655305398601-500x250.jpg",500,250,true],"cd-standard":["https:\/\/jenacopterlabs.de\/wp-content\/uploads\/2022\/06\/Ausschreibg-als-JPG-e1655305398601-500x500.jpg",500,500,true]},"uagb_author_info":{"display_name":"S\u00f6ren Hese","author_link":"https:\/\/jenacopterlabs.de\/?author=1"},"uagb_comment_info":0,"uagb_excerpt":"Wissenschaftliche:r Mitarbeiter:in in urbaner Fernerkundung In Vollzeit (100% \/ 40 Wochenstunden) befristet f\u00fcr 21 Monate zu besetzen. Das EU Projekt environMENTAL erforscht den Einfluss von Umweltfaktoren und psychosozialen Stress durch die COVID-19 Pandemie auf die Entwicklung des menschlichen Gehirns und deren Gesundheit.&nbsp;https:\/\/www.environmental-project.org. Hierf\u00fcr werden Patientendaten aus medizinischen Datenbanken \u00fcber pr\u00e4zise Geolokalisierung mit Satellitendaten und abgeleiteten&hellip;","_links":{"self":[{"href":"https:\/\/jenacopterlabs.de\/index.php?rest_route=\/wp\/v2\/posts\/1702","targetHints":{"allow":["GET"]}}],"collection":[{"href":"https:\/\/jenacopterlabs.de\/index.php?rest_route=\/wp\/v2\/posts"}],"about":[{"href":"https:\/\/jenacopterlabs.de\/index.php?rest_route=\/wp\/v2\/types\/post"}],"author":[{"embeddable":true,"href":"https:\/\/jenacopterlabs.de\/index.php?rest_route=\/wp\/v2\/users\/1"}],"replies":[{"embeddable":true,"href":"https:\/\/jenacopterlabs.de\/index.php?rest_route=%2Fwp%2Fv2%2Fcomments&post=1702"}],"version-history":[{"count":7,"href":"https:\/\/jenacopterlabs.de\/index.php?rest_route=\/wp\/v2\/posts\/1702\/revisions"}],"predecessor-version":[{"id":1878,"href":"https:\/\/jenacopterlabs.de\/index.php?rest_route=\/wp\/v2\/posts\/1702\/revisions\/1878"}],"wp:featuredmedia":[{"embeddable":true,"href":"https:\/\/jenacopterlabs.de\/index.php?rest_route=\/wp\/v2\/media\/1706"}],"wp:attachment":[{"href":"https:\/\/jenacopterlabs.de\/index.php?rest_route=%2Fwp%2Fv2%2Fmedia&parent=1702"}],"wp:term":[{"taxonomy":"category","embeddable":true,"href":"https:\/\/jenacopterlabs.de\/index.php?rest_route=%2Fwp%2Fv2%2Fcategories&post=1702"},{"taxonomy":"post_tag","embeddable":true,"href":"https:\/\/jenacopterlabs.de\/index.php?rest_route=%2Fwp%2Fv2%2Ftags&post=1702"}],"curies":[{"name":"wp","href":"https:\/\/api.w.org\/{rel}","templated":true}]}}