{"id":855,"date":"2019-02-12T19:37:27","date_gmt":"2019-02-12T18:37:27","guid":{"rendered":"http:\/\/jenacopterlabs.de\/?p=855"},"modified":"2019-02-12T21:18:42","modified_gmt":"2019-02-12T20:18:42","slug":"geodaten-erobern-den-luftraum","status":"publish","type":"post","link":"https:\/\/jenacopterlabs.de\/?p=855","title":{"rendered":"Geod\u00e4ten &#8220;erobern&#8221; den Luftraum"},"content":{"rendered":"<p>Naja der Titel ist etwas schr\u00e4g, aber das Meeting war klasse, wer will kann die Konferenz-Proceedings jetzt hier herunterladen:<\/p>\n<p><a href=\"https:\/\/geodaesie.info\/sr\/uav-2019-geodaeten-erobern-den-luftraum\/8337\/1951\">https:\/\/geodaesie.info\/sr\/uav-2019-geodaeten-erobern-den-luftraum\/8337\/1951<\/a><\/p>\n<p><img loading=\"lazy\" decoding=\"async\" class=\"size-full wp-image-860 aligncenter\" src=\"http:\/\/jenacopterlabs.de\/wp-content\/uploads\/2019\/02\/Bildschirmfoto-2019-02-12-um-21.17.25.png\" alt=\"bildschirmfoto-2019-02-12-um-21-17-25\" width=\"377\" height=\"233\" srcset=\"https:\/\/jenacopterlabs.de\/wp-content\/uploads\/2019\/02\/Bildschirmfoto-2019-02-12-um-21.17.25.png 377w, https:\/\/jenacopterlabs.de\/wp-content\/uploads\/2019\/02\/Bildschirmfoto-2019-02-12-um-21.17.25-300x185.png 300w\" sizes=\"auto, (max-width: 377px) 100vw, 377px\" \/><\/p>\n<p>&nbsp;<\/p>\n<p>&#8220;Unbemannte Luftfahrzeuge (engl. Unmanned Aerial Vehicles, UAV) haben in den letzten Jahren zur Erweiterung des Aufgabenspektrums und einer effizienteren Erf\u00fcllung von geod\u00e4tischen Aufgaben beigetragen. Eine Vielzahl an UAV-Systemen ist inzwischen verf\u00fcgbar. UAV sind Gegenstand von wissenschaftlichen Untersuchungen und von Entwicklungen f\u00fcr geod\u00e4tische Sonderaufgaben; sie werden bereits vielfach in der geod\u00e4tischen Praxis erfolgreich eingesetzt. Ein hoher Automationsgrad in Erfassung und Auswertung gro\u00dfer Datenmengen erm\u00f6glicht es, den stetig steigenden Anforderungen an aktuelle Geodaten auch durch UAV gerecht zu werden.<\/p>\n<div class=\"field field-sr-beschreibung\">\n<div class=\"field-items\">\n<div class=\"field-item odd\">\n<p>Dieser Band informiert Forscher, Entwickler und Anwender \u00fcber Trends, neue technische Entwicklungen und Anwendungen von UAVs bei Vermessungsprojekten.<\/p>\n<\/div>\n<\/div>\n<\/div>\n<fieldset class=\"group field-ds-group-zfv-beitrag-details field-group collapsible\">\n<legend class=\"collapse-processed\"><a href=\"https:\/\/geodaesie.info\/sr\/uav-2019-geodaeten-erobern-den-luftraum\/8337\/1951#\"><em>Inhalt<\/em><\/a><\/legend>\n<div class=\"fieldset-wrapper\">\n<div class=\"field field-sr-view-beitr\">\n<div class=\"field-items\">\n<div class=\"field-item odd\">\n<div class=\"view view-beitraege view-id-beitraege view-display-id-default view-dom-id-bbec5f7e13cf81b34f2bec6b57742d30\">\n<div class=\"view-content\">\n<div class=\"views-row views-row-1 views-row-odd views-row-first\">\n<div class=\"buildmode-beitrag_in_heft\">\n<div class=\"node node-type-schriftenreihe_beitrag clear-block\">\n<div class=\"nd-region-header clear-block \">\n<div class=\"field field-def-autoren field-zfv-autor\">\n<div class=\"field-items\">\n<div class=\"field-item odd\"><a title=\"\" href=\"https:\/\/geodaesie.info\/kategorie\/autoren\/elmar-m-giemulla\" rel=\"tag\">Elmar M. Giemulla<\/a><\/div>\n<\/div>\n<\/div>\n<div class=\"field field-sr-titel-beitrag\">\n<div class=\"field-items\">\n<div class=\"field-item odd\">\n<p>Rechtliche Rahmenbedingungen f\u00fcr den Einsatz von Drohnen<\/p>\n<\/div>\n<\/div>\n<\/div>\n<\/div>\n<\/div>\n<\/div>\n<\/div>\n<div class=\"views-row views-row-2 views-row-even\">\n<div class=\"buildmode-beitrag_in_heft\">\n<div class=\"node node-type-schriftenreihe_beitrag clear-block\">\n<div class=\"nd-region-header clear-block \">\n<div class=\"field field-def-autoren field-zfv-autor\">\n<div class=\"field-items\">\n<div class=\"field-item odd\"><a title=\"\" href=\"https:\/\/geodaesie.info\/kategorie\/autoren\/ralf-heidger\" rel=\"tag\">Ralf Heidger<\/a><\/div>\n<\/div>\n<\/div>\n<div class=\"field field-sr-titel-beitrag\">\n<div class=\"field-items\">\n<div class=\"field-item odd\">\n<p>UAS Traffic Management (UTM) aus Sicht der DFS Deutsche Flugsicherung GmbH<\/p>\n<\/div>\n<\/div>\n<\/div>\n<\/div>\n<\/div>\n<\/div>\n<\/div>\n<div class=\"views-row views-row-3 views-row-odd\">\n<div class=\"buildmode-beitrag_in_heft\">\n<div class=\"node node-type-schriftenreihe_beitrag clear-block\">\n<div class=\"nd-region-header clear-block \">\n<div class=\"field field-def-autoren field-zfv-autor\">\n<div class=\"field-items\">\n<div class=\"field-item odd\"><a title=\"\" href=\"https:\/\/geodaesie.info\/kategorie\/autoren\/marten-krull\" rel=\"tag\">Marten Krull<\/a><\/div>\n<\/div>\n<\/div>\n<div class=\"field field-sr-titel-beitrag\">\n<div class=\"field-items\">\n<div class=\"field-item odd\">\n<p>NfL, SORA, Kenntnisnachweis \u2013 \u201eWir wollen doch \u203anur messen\u2039!\u201c<\/p>\n<\/div>\n<\/div>\n<\/div>\n<\/div>\n<\/div>\n<\/div>\n<\/div>\n<div class=\"views-row views-row-4 views-row-even\">\n<div class=\"buildmode-beitrag_in_heft\">\n<div class=\"node node-type-schriftenreihe_beitrag clear-block\">\n<div class=\"nd-region-header clear-block \">\n<div class=\"field field-def-autoren field-zfv-autor\">\n<div class=\"field-items\">\n<div class=\"field-item odd\"><a title=\"\" href=\"https:\/\/geodaesie.info\/kategorie\/autoren\/johannes-schlesinger\" rel=\"tag\">Johannes Schlesinger<\/a><\/div>\n<div class=\"field-item even\"><a title=\"\" href=\"https:\/\/geodaesie.info\/kategorie\/autoren\/steffen-vogt\" rel=\"tag\">Steffen Vogt<\/a><\/div>\n<\/div>\n<\/div>\n<div class=\"field field-sr-titel-beitrag\">\n<div class=\"field-items\">\n<div class=\"field-item odd\">\n<p>Drohneneinsatz in Stadtplanung und Flurneuordnung \u2013 Praxisbeispiele aus Baden-W\u00fcrttemberg, Bayern und Hessen<\/p>\n<\/div>\n<\/div>\n<\/div>\n<\/div>\n<\/div>\n<\/div>\n<\/div>\n<div class=\"views-row views-row-5 views-row-odd\">\n<div class=\"buildmode-beitrag_in_heft\">\n<div class=\"node node-type-schriftenreihe_beitrag clear-block\">\n<div class=\"nd-region-header clear-block \">\n<div class=\"field field-def-autoren field-zfv-autor\">\n<div class=\"field-items\">\n<div class=\"field-item odd\"><a title=\"\" href=\"https:\/\/geodaesie.info\/kategorie\/autoren\/johannes-vieten\" rel=\"tag\">Johannes Vieten<\/a><\/div>\n<div class=\"field-item even\"><a title=\"\" href=\"https:\/\/geodaesie.info\/kategorie\/autoren\/j-rg-spitth-ver\" rel=\"tag\">J\u00f6rg Spitth\u00f6ver<\/a><\/div>\n<\/div>\n<\/div>\n<div class=\"field field-sr-titel-beitrag\">\n<div class=\"field-items\">\n<div class=\"field-item odd\">\n<p>Planungsgrundlagen im St\u00e4dtebau am Beispiel der Nachnutzung von ehemaligen Bahnfl\u00e4chen<\/p>\n<\/div>\n<\/div>\n<\/div>\n<\/div>\n<\/div>\n<\/div>\n<\/div>\n<div class=\"views-row views-row-6 views-row-even\">\n<div class=\"buildmode-beitrag_in_heft\">\n<div class=\"node node-type-schriftenreihe_beitrag clear-block\">\n<div class=\"nd-region-header clear-block \">\n<div class=\"field field-def-autoren field-zfv-autor\">\n<div class=\"field-items\">\n<div class=\"field-item odd\"><a title=\"\" href=\"https:\/\/geodaesie.info\/kategorie\/autoren\/werner-mayr\" rel=\"tag\">Werner Mayr<\/a><\/div>\n<\/div>\n<\/div>\n<div class=\"field field-sr-titel-beitrag\">\n<div class=\"field-items\">\n<div class=\"field-item odd\">\n<p>FindMine \u2013 UAV im humanit\u00e4ren Einsatz<\/p>\n<\/div>\n<\/div>\n<\/div>\n<\/div>\n<\/div>\n<\/div>\n<\/div>\n<div class=\"views-row views-row-7 views-row-odd\">\n<div class=\"buildmode-beitrag_in_heft\">\n<div class=\"node node-type-schriftenreihe_beitrag clear-block\">\n<div class=\"nd-region-header clear-block \">\n<div class=\"field field-def-autoren field-zfv-autor\">\n<div class=\"field-items\">\n<div class=\"field-item odd\"><a title=\"\" href=\"https:\/\/geodaesie.info\/kategorie\/autoren\/stephan-fick\" rel=\"tag\">Stephan Fick<\/a><\/div>\n<\/div>\n<\/div>\n<div class=\"field field-sr-titel-beitrag\">\n<div class=\"field-items\">\n<div class=\"field-item odd\">\n<p>Sechs Jahre Drohnenerfahrung: Praktische Beispiele aus dem Ingenieur- und Anlagenbau<\/p>\n<\/div>\n<\/div>\n<\/div>\n<\/div>\n<\/div>\n<\/div>\n<\/div>\n<div class=\"views-row views-row-8 views-row-even\">\n<div class=\"buildmode-beitrag_in_heft\">\n<div class=\"node node-type-schriftenreihe_beitrag clear-block\">\n<div class=\"nd-region-header clear-block \">\n<div class=\"field field-def-autoren field-zfv-autor\">\n<div class=\"field-items\">\n<div class=\"field-item odd\"><a title=\"\" href=\"https:\/\/geodaesie.info\/kategorie\/autoren\/udo-bertels\" rel=\"tag\">Udo Bertels<\/a><\/div>\n<\/div>\n<\/div>\n<div class=\"field field-sr-titel-beitrag\">\n<div class=\"field-items\">\n<div class=\"field-item odd\">\n<p>Bauvermessung mit unbemannten Flugsystemen: B\u2009525n \u2013 Neubau Ortsumgehung Nottuln<\/p>\n<\/div>\n<\/div>\n<\/div>\n<\/div>\n<\/div>\n<\/div>\n<\/div>\n<div class=\"views-row views-row-9 views-row-odd\">\n<div class=\"buildmode-beitrag_in_heft\">\n<div class=\"node node-type-schriftenreihe_beitrag clear-block\">\n<div class=\"nd-region-header clear-block \">\n<div class=\"field field-def-autoren field-zfv-autor\">\n<div class=\"field-items\">\n<div class=\"field-item odd\"><a title=\"\" href=\"https:\/\/geodaesie.info\/kategorie\/autoren\/rayc-beckmann\" rel=\"tag\">Rayc Beckmann<\/a><\/div>\n<\/div>\n<\/div>\n<div class=\"field field-sr-titel-beitrag\">\n<div class=\"field-items\">\n<div class=\"field-item odd\">\n<p>Einsatz von UAV in der Ingenieurvermessung \u2013 Praxisanwendungen aus dem Tiefbau<\/p>\n<\/div>\n<\/div>\n<\/div>\n<\/div>\n<\/div>\n<\/div>\n<\/div>\n<div class=\"views-row views-row-10 views-row-even\">\n<div class=\"buildmode-beitrag_in_heft\">\n<div class=\"node node-type-schriftenreihe_beitrag clear-block\">\n<div class=\"nd-region-header clear-block \">\n<div class=\"field field-def-autoren field-zfv-autor\">\n<div class=\"field-items\">\n<div class=\"field-item odd\"><a title=\"\" href=\"https:\/\/geodaesie.info\/kategorie\/autoren\/anass-dinia\" rel=\"tag\">Anass Dinia<\/a><\/div>\n<div class=\"field-item even\"><a title=\"\" href=\"https:\/\/geodaesie.info\/kategorie\/autoren\/steffen-doerner\" rel=\"tag\">Steffen Doerner<\/a><\/div>\n<div class=\"field-item odd\"><a title=\"\" href=\"https:\/\/geodaesie.info\/kategorie\/autoren\/viktoriia-federova\" rel=\"tag\">Viktoriia Federova<\/a><\/div>\n<div class=\"field-item even\"><a title=\"\" href=\"https:\/\/geodaesie.info\/kategorie\/autoren\/arno-fischer\" rel=\"tag\">Arno Fischer<\/a><\/div>\n<div class=\"field-item odd\"><a title=\"\" href=\"https:\/\/geodaesie.info\/kategorie\/autoren\/claudius-marx\" rel=\"tag\">Claudius Marx<\/a><\/div>\n<div class=\"field-item even\"><a title=\"\" href=\"https:\/\/geodaesie.info\/kategorie\/autoren\/martin-schaff-ner\" rel=\"tag\">Martin Schaff\u00f6ner<\/a><\/div>\n<\/div>\n<\/div>\n<div class=\"field field-sr-titel-beitrag\">\n<div class=\"field-items\">\n<div class=\"field-item odd\">\n<p>MIDRAS \u2013 Mikro-Drohnen Abwehr System<\/p>\n<\/div>\n<\/div>\n<\/div>\n<\/div>\n<\/div>\n<\/div>\n<\/div>\n<div class=\"views-row views-row-11 views-row-odd\">\n<div class=\"buildmode-beitrag_in_heft\">\n<div class=\"node node-type-schriftenreihe_beitrag clear-block\">\n<div class=\"nd-region-header clear-block \">\n<div class=\"field field-def-autoren field-zfv-autor\">\n<div class=\"field-items\">\n<div class=\"field-item odd\"><a title=\"\" href=\"https:\/\/geodaesie.info\/kategorie\/autoren\/g-rres-grenzd-rffer\" rel=\"tag\">G\u00f6rres Grenzd\u00f6rffer<\/a><\/div>\n<\/div>\n<\/div>\n<div class=\"field field-sr-titel-beitrag\">\n<div class=\"field-items\">\n<div class=\"field-item odd\">\n<p>Multispektrale Fernerkundung mit Drohnen<\/p>\n<\/div>\n<\/div>\n<\/div>\n<\/div>\n<\/div>\n<\/div>\n<\/div>\n<div class=\"views-row views-row-12 views-row-even views-row-last\">\n<div class=\"buildmode-beitrag_in_heft\">\n<div class=\"node node-type-schriftenreihe_beitrag clear-block\">\n<div class=\"nd-region-header clear-block \">\n<div class=\"field field-def-autoren field-zfv-autor\">\n<div class=\"field-items\">\n<div class=\"field-item odd\"><a title=\"\" href=\"https:\/\/geodaesie.info\/kategorie\/autoren\/torsten-genz\" rel=\"tag\">Torsten Genz<\/a><\/div>\n<div class=\"field-item even\"><a title=\"\" href=\"https:\/\/geodaesie.info\/kategorie\/autoren\/uwe-krause\" rel=\"tag\">Uwe Krause<\/a><\/div>\n<\/div>\n<\/div>\n<div class=\"field field-sr-titel-beitrag\">\n<div class=\"field-items\">\n<div class=\"field-item odd\">\n<p>Geo2VR \u2013 Sensorfusion im virtuellen Raum&#8221;<\/p>\n<p>&nbsp;<\/p>\n<\/div>\n<\/div>\n<\/div>\n<\/div>\n<\/div>\n<\/div>\n<\/div>\n<\/div>\n<\/div>\n<\/div>\n<\/div>\n<\/div>\n<\/div>\n<\/fieldset>\n","protected":false},"excerpt":{"rendered":"<p>Naja der Titel ist etwas schr\u00e4g, aber das Meeting war klasse, wer will kann die Konferenz-Proceedings jetzt hier herunterladen: https:\/\/geodaesie.info\/sr\/uav-2019-geodaeten-erobern-den-luftraum\/8337\/1951 &nbsp; &#8220;Unbemannte Luftfahrzeuge (engl. Unmanned Aerial Vehicles, UAV) haben in den letzten Jahren zur Erweiterung des Aufgabenspektrums und einer effizienteren Erf\u00fcllung von geod\u00e4tischen Aufgaben beigetragen. Eine Vielzahl an UAV-Systemen ist inzwischen verf\u00fcgbar. UAV sind Gegenstand von wissenschaftlichen Untersuchungen und von&#46;&#46;&#46;<\/p>\n","protected":false},"author":1,"featured_media":860,"comment_status":"open","ping_status":"open","sticky":false,"template":"","format":"standard","meta":{"_uag_custom_page_level_css":"","footnotes":""},"categories":[1],"tags":[41,42,21,18,17],"class_list":["post-855","post","type-post","status-publish","format-standard","has-post-thumbnail","hentry","category-uncategorized","tag-conferences","tag-dvw","tag-education","tag-phantom","tag-quadrocopter"],"uagb_featured_image_src":{"full":["https:\/\/jenacopterlabs.de\/wp-content\/uploads\/2019\/02\/Bildschirmfoto-2019-02-12-um-21.17.25.png",377,233,false],"thumbnail":["https:\/\/jenacopterlabs.de\/wp-content\/uploads\/2019\/02\/Bildschirmfoto-2019-02-12-um-21.17.25-150x150.png",150,150,true],"medium":["https:\/\/jenacopterlabs.de\/wp-content\/uploads\/2019\/02\/Bildschirmfoto-2019-02-12-um-21.17.25-300x185.png",300,185,true],"medium_large":["https:\/\/jenacopterlabs.de\/wp-content\/uploads\/2019\/02\/Bildschirmfoto-2019-02-12-um-21.17.25.png",377,233,false],"large":["https:\/\/jenacopterlabs.de\/wp-content\/uploads\/2019\/02\/Bildschirmfoto-2019-02-12-um-21.17.25.png",377,233,false],"1536x1536":["https:\/\/jenacopterlabs.de\/wp-content\/uploads\/2019\/02\/Bildschirmfoto-2019-02-12-um-21.17.25.png",377,233,false],"2048x2048":["https:\/\/jenacopterlabs.de\/wp-content\/uploads\/2019\/02\/Bildschirmfoto-2019-02-12-um-21.17.25.png",377,233,false],"post-thumbnail":["https:\/\/jenacopterlabs.de\/wp-content\/uploads\/2019\/02\/Bildschirmfoto-2019-02-12-um-21.17.25.png",377,233,false],"cd-small":["https:\/\/jenacopterlabs.de\/wp-content\/uploads\/2019\/02\/Bildschirmfoto-2019-02-12-um-21.17.25.png",150,93,false],"cd-medium":["https:\/\/jenacopterlabs.de\/wp-content\/uploads\/2019\/02\/Bildschirmfoto-2019-02-12-um-21.17.25.png",377,233,false],"cd-standard":["https:\/\/jenacopterlabs.de\/wp-content\/uploads\/2019\/02\/Bildschirmfoto-2019-02-12-um-21.17.25.png",377,233,false]},"uagb_author_info":{"display_name":"S\u00f6ren Hese","author_link":"https:\/\/jenacopterlabs.de\/?author=1"},"uagb_comment_info":0,"uagb_excerpt":"Naja der Titel ist etwas schr\u00e4g, aber das Meeting war klasse, wer will kann die Konferenz-Proceedings jetzt hier herunterladen: https:\/\/geodaesie.info\/sr\/uav-2019-geodaeten-erobern-den-luftraum\/8337\/1951 &nbsp; &#8220;Unbemannte Luftfahrzeuge (engl. Unmanned Aerial Vehicles, UAV) haben in den letzten Jahren zur Erweiterung des Aufgabenspektrums und einer effizienteren Erf\u00fcllung von geod\u00e4tischen Aufgaben beigetragen. Eine Vielzahl an UAV-Systemen ist inzwischen verf\u00fcgbar. UAV sind Gegenstand&hellip;","_links":{"self":[{"href":"https:\/\/jenacopterlabs.de\/index.php?rest_route=\/wp\/v2\/posts\/855","targetHints":{"allow":["GET"]}}],"collection":[{"href":"https:\/\/jenacopterlabs.de\/index.php?rest_route=\/wp\/v2\/posts"}],"about":[{"href":"https:\/\/jenacopterlabs.de\/index.php?rest_route=\/wp\/v2\/types\/post"}],"author":[{"embeddable":true,"href":"https:\/\/jenacopterlabs.de\/index.php?rest_route=\/wp\/v2\/users\/1"}],"replies":[{"embeddable":true,"href":"https:\/\/jenacopterlabs.de\/index.php?rest_route=%2Fwp%2Fv2%2Fcomments&post=855"}],"version-history":[{"count":5,"href":"https:\/\/jenacopterlabs.de\/index.php?rest_route=\/wp\/v2\/posts\/855\/revisions"}],"predecessor-version":[{"id":861,"href":"https:\/\/jenacopterlabs.de\/index.php?rest_route=\/wp\/v2\/posts\/855\/revisions\/861"}],"wp:featuredmedia":[{"embeddable":true,"href":"https:\/\/jenacopterlabs.de\/index.php?rest_route=\/wp\/v2\/media\/860"}],"wp:attachment":[{"href":"https:\/\/jenacopterlabs.de\/index.php?rest_route=%2Fwp%2Fv2%2Fmedia&parent=855"}],"wp:term":[{"taxonomy":"category","embeddable":true,"href":"https:\/\/jenacopterlabs.de\/index.php?rest_route=%2Fwp%2Fv2%2Fcategories&post=855"},{"taxonomy":"post_tag","embeddable":true,"href":"https:\/\/jenacopterlabs.de\/index.php?rest_route=%2Fwp%2Fv2%2Ftags&post=855"}],"curies":[{"name":"wp","href":"https:\/\/api.w.org\/{rel}","templated":true}]}}